{"id":3505,"date":"2019-08-27T10:57:05","date_gmt":"2019-08-27T13:57:05","guid":{"rendered":"https:\/\/profjonny.com.br\/site\/?p=3505"},"modified":"2019-08-27T11:35:49","modified_gmt":"2019-08-27T14:35:49","slug":"palestra-sobre-trabalho-de-comeco-de-carreira-na-unisul","status":"publish","type":"post","link":"https:\/\/profjonny.com.br\/site\/2019\/08\/27\/palestra-sobre-trabalho-de-comeco-de-carreira-na-unisul\/","title":{"rendered":"Palestra sobre Trabalho de Come\u00e7o de Carreira para Curso de Direito na Unisul"},"content":{"rendered":"\n<h4 class=\"wp-block-heading\">Campus Pedra Branca, Agosto, 2019<\/h4>\n\n\n\n<p>A convite da professora Virgina Rosa (coordenadora do Curso de Direito) UNISUL, Campus Pedra Branca, realizamos na ter\u00e7a-feira 20\/08\/19 a Palestra Trabalho de Come\u00e7o de Carreira &#8211; uma nova vis\u00e3o sobre o TCC. Houve muita intera\u00e7\u00e3o com os quase 200 alunos, na sua maioria do curso de direito, mas outras especialidades como engenharia, administra\u00e7\u00e3o e fonoaudiologia tamb\u00e9m estiveram presentes. Todos com sede de inspira\u00e7\u00e3o para desenvolver uma jornada de sucesso a partir do seu TCC &#8211; trabaho de conclus\u00e3o de curso. Agradecimentos <a href=\"http:\/\/www.esferamix.com.br\">EsferaMix Eventos<\/a> pela organiza\u00e7\u00e3o do evento e produ\u00e7\u00e3o do v\u00eddeo.<\/p>\n\n\n\n<div class=\"wp-block-button is-style-default\"><a class=\"wp-block-button__link has-text-color has-very-light-gray-color has-background\" href=\"https:\/\/www.joinvalle.com.br\/caam\" style=\"background-color:#000000\"><strong>SAIBA MAIS<\/strong><\/a><\/div>\n\n\n\n<figure class=\"wp-block-embed-youtube wp-block-embed is-type-video is-provider-youtube wp-embed-aspect-16-9 wp-has-aspect-ratio\"><div class=\"wp-block-embed__wrapper\">\n<iframe loading=\"lazy\" title=\"Clipe da palestra Trabalho de Come\u00e7o de Carreira- uma nova vis\u00e3o do TCC\" width=\"1150\" height=\"647\" src=\"https:\/\/www.youtube.com\/embed\/a3yy9USJ4Pw?feature=oembed\" frameborder=\"0\" allow=\"accelerometer; autoplay; encrypted-media; gyroscope; picture-in-picture\" allowfullscreen><\/iframe>\n<\/div><\/figure>\n","protected":false},"excerpt":{"rendered":"<p>Campus Pedra Branca, Agosto, 2019 A convite da professora Virgina Rosa (coordenadora do Curso de Direito) UNISUL, Campus Pedra Branca, realizamos na ter\u00e7a-feira 20\/08\/19 a Palestra Trabalho de Come\u00e7o de Carreira &#8211; uma nova vis\u00e3o sobre o TCC. Houve muita intera\u00e7\u00e3o com os quase 200 alunos, na sua maioria do curso de direito, mas outras [&hellip;]<\/p>\n","protected":false},"author":3,"featured_media":3512,"comment_status":"closed","ping_status":"open","sticky":false,"template":"","format":"standard","meta":{"_uag_custom_page_level_css":"","_monsterinsights_skip_tracking":false,"_monsterinsights_sitenote_active":false,"_monsterinsights_sitenote_note":"","_monsterinsights_sitenote_category":0,"footnotes":""},"categories":[57],"tags":[],"class_list":["post-3505","post","type-post","status-publish","format-standard","has-post-thumbnail","hentry","category-aconteceu"],"uagb_featured_image_src":{"full":["https:\/\/profjonny.com.br\/site\/wp-content\/uploads\/2019\/08\/20190820_192608.jpg",4128,2322,false],"thumbnail":["https:\/\/profjonny.com.br\/site\/wp-content\/uploads\/2019\/08\/20190820_192608-150x150.jpg",150,150,true],"medium":["https:\/\/profjonny.com.br\/site\/wp-content\/uploads\/2019\/08\/20190820_192608-300x169.jpg",300,169,true],"medium_large":["https:\/\/profjonny.com.br\/site\/wp-content\/uploads\/2019\/08\/20190820_192608-768x432.jpg",768,432,true],"large":["https:\/\/profjonny.com.br\/site\/wp-content\/uploads\/2019\/08\/20190820_192608-1024x576.jpg",1024,576,true],"1536x1536":["https:\/\/profjonny.com.br\/site\/wp-content\/uploads\/2019\/08\/20190820_192608.jpg",1536,864,false],"2048x2048":["https:\/\/profjonny.com.br\/site\/wp-content\/uploads\/2019\/08\/20190820_192608.jpg",2048,1152,false],"Personnel Thumbnail":["https:\/\/profjonny.com.br\/site\/wp-content\/uploads\/2019\/08\/20190820_192608-700x500.jpg",700,500,true],"Portfolio Thumbnail":["https:\/\/profjonny.com.br\/site\/wp-content\/uploads\/2019\/08\/20190820_192608-700x450.jpg",700,450,true],"Portfolio Thumbnail Portrait":["https:\/\/profjonny.com.br\/site\/wp-content\/uploads\/2019\/08\/20190820_192608-700x660.jpg",700,660,true],"Portfolio Thumbnail Portrait 2":["https:\/\/profjonny.com.br\/site\/wp-content\/uploads\/2019\/08\/20190820_192608-600x800.jpg",600,800,true],"Large Landscape ":["https:\/\/profjonny.com.br\/site\/wp-content\/uploads\/2019\/08\/20190820_192608-1280x580.jpg",1280,580,true],"Large Landscape 2":["https:\/\/profjonny.com.br\/site\/wp-content\/uploads\/2019\/08\/20190820_192608-1550x700.jpg",1550,700,true],"Portfolio Side Description Large":["https:\/\/profjonny.com.br\/site\/wp-content\/uploads\/2019\/08\/20190820_192608-900x500.jpg",900,500,true],"Portfolio Metro 1":["https:\/\/profjonny.com.br\/site\/wp-content\/uploads\/2019\/08\/20190820_192608-290x430.jpg",290,430,true],"Portfolio Metro 2":["https:\/\/profjonny.com.br\/site\/wp-content\/uploads\/2019\/08\/20190820_192608-290x215.jpg",290,215,true],"Portfolio Metro 3":["https:\/\/profjonny.com.br\/site\/wp-content\/uploads\/2019\/08\/20190820_192608-590x215.jpg",590,215,true],"Blog Full Thumbnail":["https:\/\/profjonny.com.br\/site\/wp-content\/uploads\/2019\/08\/20190820_192608-1100x490.jpg",1100,490,true],"Blog Column Thumbnail":["https:\/\/profjonny.com.br\/site\/wp-content\/uploads\/2019\/08\/20190820_192608-700x430.jpg",700,430,true],"Personnel Thumbnail 2":["https:\/\/profjonny.com.br\/site\/wp-content\/uploads\/2019\/08\/20190820_192608-550x500.jpg",550,500,true],"Large Landscape 3":["https:\/\/profjonny.com.br\/site\/wp-content\/uploads\/2019\/08\/20190820_192608-1500x1000.jpg",1500,1000,true]},"uagb_author_info":{"display_name":"Prof. Jonny","author_link":"https:\/\/profjonny.com.br\/site\/author\/prof-jonny\/"},"uagb_comment_info":0,"uagb_excerpt":"Campus Pedra Branca, Agosto, 2019 A convite da professora Virgina Rosa (coordenadora do Curso de Direito) UNISUL, Campus Pedra Branca, realizamos na ter\u00e7a-feira 20\/08\/19 a Palestra Trabalho de Come\u00e7o de Carreira &#8211; uma nova vis\u00e3o sobre o TCC. Houve muita intera\u00e7\u00e3o com os quase 200 alunos, na sua maioria do curso de direito, mas outras&hellip;","_links":{"self":[{"href":"https:\/\/profjonny.com.br\/site\/wp-json\/wp\/v2\/posts\/3505","targetHints":{"allow":["GET"]}}],"collection":[{"href":"https:\/\/profjonny.com.br\/site\/wp-json\/wp\/v2\/posts"}],"about":[{"href":"https:\/\/profjonny.com.br\/site\/wp-json\/wp\/v2\/types\/post"}],"author":[{"embeddable":true,"href":"https:\/\/profjonny.com.br\/site\/wp-json\/wp\/v2\/users\/3"}],"replies":[{"embeddable":true,"href":"https:\/\/profjonny.com.br\/site\/wp-json\/wp\/v2\/comments?post=3505"}],"version-history":[{"count":5,"href":"https:\/\/profjonny.com.br\/site\/wp-json\/wp\/v2\/posts\/3505\/revisions"}],"predecessor-version":[{"id":3523,"href":"https:\/\/profjonny.com.br\/site\/wp-json\/wp\/v2\/posts\/3505\/revisions\/3523"}],"wp:featuredmedia":[{"embeddable":true,"href":"https:\/\/profjonny.com.br\/site\/wp-json\/wp\/v2\/media\/3512"}],"wp:attachment":[{"href":"https:\/\/profjonny.com.br\/site\/wp-json\/wp\/v2\/media?parent=3505"}],"wp:term":[{"taxonomy":"category","embeddable":true,"href":"https:\/\/profjonny.com.br\/site\/wp-json\/wp\/v2\/categories?post=3505"},{"taxonomy":"post_tag","embeddable":true,"href":"https:\/\/profjonny.com.br\/site\/wp-json\/wp\/v2\/tags?post=3505"}],"curies":[{"name":"wp","href":"https:\/\/api.w.org\/{rel}","templated":true}]}}