{"id":2882,"date":"2018-04-05T08:31:32","date_gmt":"2018-04-05T11:31:32","guid":{"rendered":"http:\/\/profjonny.com.br\/site\/?p=2882"},"modified":"2019-07-18T09:12:10","modified_gmt":"2019-07-18T12:12:10","slug":"palestra-harmonia-entre-ciencia-e-religiao","status":"publish","type":"post","link":"https:\/\/profjonny.com.br\/site\/2018\/04\/05\/palestra-harmonia-entre-ciencia-e-religiao\/","title":{"rendered":"Palestra Harmonia entre Ci\u00eancia e Religi\u00e3o"},"content":{"rendered":"\n<h4 class=\"wp-block-heading\">\u200bIFC- Blumenau, Abril, 2018<\/h4>\n\n\n\n<figure class=\"wp-block-embed-youtube wp-block-embed is-type-video is-provider-youtube wp-embed-aspect-16-9 wp-has-aspect-ratio\"><div class=\"wp-block-embed__wrapper\">\n<iframe loading=\"lazy\" title=\"Palestra Harmonia entre Ciencia e Religi\u00e3o IFC Blumenau abril 2018\" width=\"1150\" height=\"647\" src=\"https:\/\/www.youtube.com\/embed\/jzAusMq6GlY?feature=oembed\" frameborder=\"0\" allow=\"accelerometer; autoplay; encrypted-media; gyroscope; picture-in-picture\" allowfullscreen><\/iframe>\n<\/div><\/figure>\n\n\n\n<p>Harmonia entre Ci\u00eancia e Religi\u00e3o: uma perspectiva integradora. Com base nos princ\u00edpios baha\u00b4\u00eds.  A palestra ocorreu no 1\u00ba Col\u00f3quio dos cursos subsequentes do IFC-Blumenau.<\/p>\n","protected":false},"excerpt":{"rendered":"<p>\u200bIFC- Blumenau, Abril, 2018 Harmonia entre Ci\u00eancia e Religi\u00e3o: uma perspectiva integradora. Com base nos princ\u00edpios baha\u00b4\u00eds. A palestra ocorreu no 1\u00ba Col\u00f3quio dos cursos subsequentes do IFC-Blumenau.<\/p>\n","protected":false},"author":2,"featured_media":3452,"comment_status":"closed","ping_status":"open","sticky":false,"template":"","format":"standard","meta":{"_uag_custom_page_level_css":"","_monsterinsights_skip_tracking":false,"_monsterinsights_sitenote_active":false,"_monsterinsights_sitenote_note":"","_monsterinsights_sitenote_category":0,"footnotes":""},"categories":[57],"tags":[],"class_list":["post-2882","post","type-post","status-publish","format-standard","has-post-thumbnail","hentry","category-aconteceu"],"uagb_featured_image_src":{"full":["https:\/\/profjonny.com.br\/site\/wp-content\/uploads\/2018\/04\/Palestra-Harmonia-entre-Ciencia-e-Religiao.jpg",1920,1080,false],"thumbnail":["https:\/\/profjonny.com.br\/site\/wp-content\/uploads\/2018\/04\/Palestra-Harmonia-entre-Ciencia-e-Religiao-150x150.jpg",150,150,true],"medium":["https:\/\/profjonny.com.br\/site\/wp-content\/uploads\/2018\/04\/Palestra-Harmonia-entre-Ciencia-e-Religiao-300x169.jpg",300,169,true],"medium_large":["https:\/\/profjonny.com.br\/site\/wp-content\/uploads\/2018\/04\/Palestra-Harmonia-entre-Ciencia-e-Religiao-768x432.jpg",768,432,true],"large":["https:\/\/profjonny.com.br\/site\/wp-content\/uploads\/2018\/04\/Palestra-Harmonia-entre-Ciencia-e-Religiao-1024x576.jpg",1024,576,true],"1536x1536":["https:\/\/profjonny.com.br\/site\/wp-content\/uploads\/2018\/04\/Palestra-Harmonia-entre-Ciencia-e-Religiao.jpg",1536,864,false],"2048x2048":["https:\/\/profjonny.com.br\/site\/wp-content\/uploads\/2018\/04\/Palestra-Harmonia-entre-Ciencia-e-Religiao.jpg",1920,1080,false],"Personnel Thumbnail":["https:\/\/profjonny.com.br\/site\/wp-content\/uploads\/2018\/04\/Palestra-Harmonia-entre-Ciencia-e-Religiao-700x500.jpg",700,500,true],"Portfolio Thumbnail":["https:\/\/profjonny.com.br\/site\/wp-content\/uploads\/2018\/04\/Palestra-Harmonia-entre-Ciencia-e-Religiao-700x450.jpg",700,450,true],"Portfolio Thumbnail Portrait":["https:\/\/profjonny.com.br\/site\/wp-content\/uploads\/2018\/04\/Palestra-Harmonia-entre-Ciencia-e-Religiao-700x660.jpg",700,660,true],"Portfolio Thumbnail Portrait 2":["https:\/\/profjonny.com.br\/site\/wp-content\/uploads\/2018\/04\/Palestra-Harmonia-entre-Ciencia-e-Religiao-600x800.jpg",600,800,true],"Large Landscape ":["https:\/\/profjonny.com.br\/site\/wp-content\/uploads\/2018\/04\/Palestra-Harmonia-entre-Ciencia-e-Religiao-1280x580.jpg",1280,580,true],"Large Landscape 2":["https:\/\/profjonny.com.br\/site\/wp-content\/uploads\/2018\/04\/Palestra-Harmonia-entre-Ciencia-e-Religiao-1550x700.jpg",1550,700,true],"Portfolio Side Description Large":["https:\/\/profjonny.com.br\/site\/wp-content\/uploads\/2018\/04\/Palestra-Harmonia-entre-Ciencia-e-Religiao-900x500.jpg",900,500,true],"Portfolio Metro 1":["https:\/\/profjonny.com.br\/site\/wp-content\/uploads\/2018\/04\/Palestra-Harmonia-entre-Ciencia-e-Religiao-290x430.jpg",290,430,true],"Portfolio Metro 2":["https:\/\/profjonny.com.br\/site\/wp-content\/uploads\/2018\/04\/Palestra-Harmonia-entre-Ciencia-e-Religiao-290x215.jpg",290,215,true],"Portfolio Metro 3":["https:\/\/profjonny.com.br\/site\/wp-content\/uploads\/2018\/04\/Palestra-Harmonia-entre-Ciencia-e-Religiao-590x215.jpg",590,215,true],"Blog Full Thumbnail":["https:\/\/profjonny.com.br\/site\/wp-content\/uploads\/2018\/04\/Palestra-Harmonia-entre-Ciencia-e-Religiao-1100x490.jpg",1100,490,true],"Blog Column Thumbnail":["https:\/\/profjonny.com.br\/site\/wp-content\/uploads\/2018\/04\/Palestra-Harmonia-entre-Ciencia-e-Religiao-700x430.jpg",700,430,true],"Personnel Thumbnail 2":["https:\/\/profjonny.com.br\/site\/wp-content\/uploads\/2018\/04\/Palestra-Harmonia-entre-Ciencia-e-Religiao-550x500.jpg",550,500,true],"Large Landscape 3":["https:\/\/profjonny.com.br\/site\/wp-content\/uploads\/2018\/04\/Palestra-Harmonia-entre-Ciencia-e-Religiao-1500x1000.jpg",1500,1000,true]},"uagb_author_info":{"display_name":"Prof. Jonny","author_link":"https:\/\/profjonny.com.br\/site\/author\/ever\/"},"uagb_comment_info":0,"uagb_excerpt":"\u200bIFC- Blumenau, Abril, 2018 Harmonia entre Ci\u00eancia e Religi\u00e3o: uma perspectiva integradora. Com base nos princ\u00edpios baha\u00b4\u00eds. A palestra ocorreu no 1\u00ba Col\u00f3quio dos cursos subsequentes do IFC-Blumenau.","_links":{"self":[{"href":"https:\/\/profjonny.com.br\/site\/wp-json\/wp\/v2\/posts\/2882","targetHints":{"allow":["GET"]}}],"collection":[{"href":"https:\/\/profjonny.com.br\/site\/wp-json\/wp\/v2\/posts"}],"about":[{"href":"https:\/\/profjonny.com.br\/site\/wp-json\/wp\/v2\/types\/post"}],"author":[{"embeddable":true,"href":"https:\/\/profjonny.com.br\/site\/wp-json\/wp\/v2\/users\/2"}],"replies":[{"embeddable":true,"href":"https:\/\/profjonny.com.br\/site\/wp-json\/wp\/v2\/comments?post=2882"}],"version-history":[{"count":4,"href":"https:\/\/profjonny.com.br\/site\/wp-json\/wp\/v2\/posts\/2882\/revisions"}],"predecessor-version":[{"id":3453,"href":"https:\/\/profjonny.com.br\/site\/wp-json\/wp\/v2\/posts\/2882\/revisions\/3453"}],"wp:featuredmedia":[{"embeddable":true,"href":"https:\/\/profjonny.com.br\/site\/wp-json\/wp\/v2\/media\/3452"}],"wp:attachment":[{"href":"https:\/\/profjonny.com.br\/site\/wp-json\/wp\/v2\/media?parent=2882"}],"wp:term":[{"taxonomy":"category","embeddable":true,"href":"https:\/\/profjonny.com.br\/site\/wp-json\/wp\/v2\/categories?post=2882"},{"taxonomy":"post_tag","embeddable":true,"href":"https:\/\/profjonny.com.br\/site\/wp-json\/wp\/v2\/tags?post=2882"}],"curies":[{"name":"wp","href":"https:\/\/api.w.org\/{rel}","templated":true}]}}