{"id":2840,"date":"2013-10-04T21:12:57","date_gmt":"2013-10-05T00:12:57","guid":{"rendered":"http:\/\/profjonny.com.br\/site\/?p=2840"},"modified":"2019-07-12T13:53:17","modified_gmt":"2019-07-12T16:53:17","slug":"palestra-encerramento-i-conemb-congresso-brasileiro-de-eng-mobilidade","status":"publish","type":"post","link":"https:\/\/profjonny.com.br\/site\/2013\/10\/04\/palestra-encerramento-i-conemb-congresso-brasileiro-de-eng-mobilidade\/","title":{"rendered":"Palestra encerramento I CONEMB \u2013 Congresso Brasileiro de Eng. Mobilidade"},"content":{"rendered":"\n<h4 class=\"wp-block-heading\">Joinville, Outubro 2013<\/h4>\n\n\n\n<p><strong>SOBRE O EVENTO<\/strong><\/p>\n\n\n\n<p>Evento com presen\u00e7a de ACom o tema&nbsp;<strong>\u201cA Engenharia em Movimento\u201d<\/strong>, a cidade de Joinville (SC) recebeu grandes nomes ligados \u00e0s \u00e1reas de engenharia durante o&nbsp;<strong>1\u00ba Congresso Nacional das Engenharias de Mobilidade (Conemb)<\/strong>. Conhecimento, debates, iniciativas, ideias, solu\u00e7\u00f5es e muitas experi\u00eancias foram compartilhados entre profissionais e acad\u00eamicos nos cinco dias de evento, de 14 a 18 de outubro.<\/p>\n\n\n\n<div class=\"wp-block-button is-style-default\"><a class=\"wp-block-button__link has-text-color has-very-light-gray-color has-background\" href=\"https:\/\/cad.cursosguru.com.br\/conemb-2013-confira-temas-destaque-na-programacao-evento-em-joinville-sc\/\" style=\"background-color:#000000\"><strong>SAIBA MAIS<\/strong><\/a><\/div>\n\n\n\n<div class=\"wp-block-columns has-2-columns is-layout-flex wp-container-core-columns-is-layout-1 wp-block-columns-is-layout-flex\">\n<div class=\"wp-block-column is-layout-flow wp-block-column-is-layout-flow\">\n<figure class=\"wp-block-image\"><img loading=\"lazy\" decoding=\"async\" width=\"574\" height=\"768\" src=\"http:\/\/profjonny.com.br\/site\/wp-content\/uploads\/2013\/10\/6833023_orig.jpg\" alt=\"\" class=\"wp-image-3264\" srcset=\"https:\/\/profjonny.com.br\/site\/wp-content\/uploads\/2013\/10\/6833023_orig.jpg 574w, https:\/\/profjonny.com.br\/site\/wp-content\/uploads\/2013\/10\/6833023_orig-224x300.jpg 224w\" sizes=\"auto, (max-width: 574px) 100vw, 574px\" \/><\/figure>\n<\/div>\n\n\n\n<div class=\"wp-block-column is-layout-flow wp-block-column-is-layout-flow\">\n<figure class=\"wp-block-image\"><img loading=\"lazy\" decoding=\"async\" width=\"574\" height=\"768\" src=\"http:\/\/profjonny.com.br\/site\/wp-content\/uploads\/2013\/10\/4722693_orig.jpg\" alt=\"\" class=\"wp-image-3265\" srcset=\"https:\/\/profjonny.com.br\/site\/wp-content\/uploads\/2013\/10\/4722693_orig.jpg 574w, https:\/\/profjonny.com.br\/site\/wp-content\/uploads\/2013\/10\/4722693_orig-224x300.jpg 224w\" sizes=\"auto, (max-width: 574px) 100vw, 574px\" \/><\/figure>\n<\/div>\n<\/div>\n","protected":false},"excerpt":{"rendered":"<p>Joinville, Outubro 2013 SOBRE O EVENTO Evento com presen\u00e7a de ACom o tema&nbsp;\u201cA Engenharia em Movimento\u201d, a cidade de Joinville (SC) recebeu grandes nomes ligados \u00e0s \u00e1reas de engenharia durante o&nbsp;1\u00ba Congresso Nacional das Engenharias de Mobilidade (Conemb). Conhecimento, debates, iniciativas, ideias, solu\u00e7\u00f5es e muitas experi\u00eancias foram compartilhados entre profissionais e acad\u00eamicos nos cinco dias [&hellip;]<\/p>\n","protected":false},"author":2,"featured_media":3128,"comment_status":"closed","ping_status":"open","sticky":false,"template":"","format":"standard","meta":{"_uag_custom_page_level_css":"","_monsterinsights_skip_tracking":false,"_monsterinsights_sitenote_active":false,"_monsterinsights_sitenote_note":"","_monsterinsights_sitenote_category":0,"footnotes":""},"categories":[57],"tags":[],"class_list":["post-2840","post","type-post","status-publish","format-standard","has-post-thumbnail","hentry","category-aconteceu"],"uagb_featured_image_src":{"full":["https:\/\/profjonny.com.br\/site\/wp-content\/uploads\/2013\/10\/000.jpg",1920,1078,false],"thumbnail":["https:\/\/profjonny.com.br\/site\/wp-content\/uploads\/2013\/10\/000-150x150.jpg",150,150,true],"medium":["https:\/\/profjonny.com.br\/site\/wp-content\/uploads\/2013\/10\/000-300x168.jpg",300,168,true],"medium_large":["https:\/\/profjonny.com.br\/site\/wp-content\/uploads\/2013\/10\/000-768x431.jpg",768,431,true],"large":["https:\/\/profjonny.com.br\/site\/wp-content\/uploads\/2013\/10\/000-1024x575.jpg",1024,575,true],"1536x1536":["https:\/\/profjonny.com.br\/site\/wp-content\/uploads\/2013\/10\/000.jpg",1536,862,false],"2048x2048":["https:\/\/profjonny.com.br\/site\/wp-content\/uploads\/2013\/10\/000.jpg",1920,1078,false],"Personnel Thumbnail":["https:\/\/profjonny.com.br\/site\/wp-content\/uploads\/2013\/10\/000-700x500.jpg",700,500,true],"Portfolio Thumbnail":["https:\/\/profjonny.com.br\/site\/wp-content\/uploads\/2013\/10\/000-700x450.jpg",700,450,true],"Portfolio Thumbnail Portrait":["https:\/\/profjonny.com.br\/site\/wp-content\/uploads\/2013\/10\/000-700x660.jpg",700,660,true],"Portfolio Thumbnail Portrait 2":["https:\/\/profjonny.com.br\/site\/wp-content\/uploads\/2013\/10\/000-600x800.jpg",600,800,true],"Large Landscape ":["https:\/\/profjonny.com.br\/site\/wp-content\/uploads\/2013\/10\/000-1280x580.jpg",1280,580,true],"Large Landscape 2":["https:\/\/profjonny.com.br\/site\/wp-content\/uploads\/2013\/10\/000-1550x700.jpg",1550,700,true],"Portfolio Side Description Large":["https:\/\/profjonny.com.br\/site\/wp-content\/uploads\/2013\/10\/000-900x500.jpg",900,500,true],"Portfolio Metro 1":["https:\/\/profjonny.com.br\/site\/wp-content\/uploads\/2013\/10\/000-290x430.jpg",290,430,true],"Portfolio Metro 2":["https:\/\/profjonny.com.br\/site\/wp-content\/uploads\/2013\/10\/000-290x215.jpg",290,215,true],"Portfolio Metro 3":["https:\/\/profjonny.com.br\/site\/wp-content\/uploads\/2013\/10\/000-590x215.jpg",590,215,true],"Blog Full Thumbnail":["https:\/\/profjonny.com.br\/site\/wp-content\/uploads\/2013\/10\/000-1100x490.jpg",1100,490,true],"Blog Column Thumbnail":["https:\/\/profjonny.com.br\/site\/wp-content\/uploads\/2013\/10\/000-700x430.jpg",700,430,true],"Personnel Thumbnail 2":["https:\/\/profjonny.com.br\/site\/wp-content\/uploads\/2013\/10\/000-550x500.jpg",550,500,true],"Large Landscape 3":["https:\/\/profjonny.com.br\/site\/wp-content\/uploads\/2013\/10\/000-1500x1000.jpg",1500,1000,true]},"uagb_author_info":{"display_name":"Prof. Jonny","author_link":"https:\/\/profjonny.com.br\/site\/author\/ever\/"},"uagb_comment_info":0,"uagb_excerpt":"Joinville, Outubro 2013 SOBRE O EVENTO Evento com presen\u00e7a de ACom o tema&nbsp;\u201cA Engenharia em Movimento\u201d, a cidade de Joinville (SC) recebeu grandes nomes ligados \u00e0s \u00e1reas de engenharia durante o&nbsp;1\u00ba Congresso Nacional das Engenharias de Mobilidade (Conemb). Conhecimento, debates, iniciativas, ideias, solu\u00e7\u00f5es e muitas experi\u00eancias foram compartilhados entre profissionais e acad\u00eamicos nos cinco dias&hellip;","_links":{"self":[{"href":"https:\/\/profjonny.com.br\/site\/wp-json\/wp\/v2\/posts\/2840","targetHints":{"allow":["GET"]}}],"collection":[{"href":"https:\/\/profjonny.com.br\/site\/wp-json\/wp\/v2\/posts"}],"about":[{"href":"https:\/\/profjonny.com.br\/site\/wp-json\/wp\/v2\/types\/post"}],"author":[{"embeddable":true,"href":"https:\/\/profjonny.com.br\/site\/wp-json\/wp\/v2\/users\/2"}],"replies":[{"embeddable":true,"href":"https:\/\/profjonny.com.br\/site\/wp-json\/wp\/v2\/comments?post=2840"}],"version-history":[{"count":5,"href":"https:\/\/profjonny.com.br\/site\/wp-json\/wp\/v2\/posts\/2840\/revisions"}],"predecessor-version":[{"id":3282,"href":"https:\/\/profjonny.com.br\/site\/wp-json\/wp\/v2\/posts\/2840\/revisions\/3282"}],"wp:featuredmedia":[{"embeddable":true,"href":"https:\/\/profjonny.com.br\/site\/wp-json\/wp\/v2\/media\/3128"}],"wp:attachment":[{"href":"https:\/\/profjonny.com.br\/site\/wp-json\/wp\/v2\/media?parent=2840"}],"wp:term":[{"taxonomy":"category","embeddable":true,"href":"https:\/\/profjonny.com.br\/site\/wp-json\/wp\/v2\/categories?post=2840"},{"taxonomy":"post_tag","embeddable":true,"href":"https:\/\/profjonny.com.br\/site\/wp-json\/wp\/v2\/tags?post=2840"}],"curies":[{"name":"wp","href":"https:\/\/api.w.org\/{rel}","templated":true}]}}