{"id":2479,"date":"2016-08-23T15:22:03","date_gmt":"2016-08-23T18:22:03","guid":{"rendered":"http:\/\/profjonny.com.br\/site\/?p=2479"},"modified":"2019-07-10T16:47:32","modified_gmt":"2019-07-10T19:47:32","slug":"em-tempos-de-crise-por-que-nao-considerar-um-periodo-sabatico","status":"publish","type":"post","link":"https:\/\/profjonny.com.br\/site\/2016\/08\/23\/em-tempos-de-crise-por-que-nao-considerar-um-periodo-sabatico\/","title":{"rendered":"Em tempos de crise, por que n\u00e3o considerar um per\u00edodo sab\u00e1tico?"},"content":{"rendered":"\n<p>Na conjuntura atual, tanto nacional quanto internacional, com cen\u00e1rio de incertezas, volatilidade dos mercados e crescente taxa de desemprego, seguindo a orienta\u00e7\u00e3o de que o melhor investimento que se pode fazer \u00e9 em si mesmo, cabe a reflex\u00e3o: voc\u00ea j\u00e1 considerou um per\u00edodo sab\u00e1tico?<br><br>Talvez voc\u00ea esteja passando por per\u00edodo de incerteza em sua carreira, onde a vis\u00e3o de futuro est\u00e1, por assim dizer, meio turva. Outra possibilidade \u00e9 voc\u00ea ser um l\u00edder e se deparar com a necessidade de cortar custos, tendo como uma das pr\u00e1ticas da empresa, a demiss\u00e3o de pessoal. A t\u00edtulo de exemplo,&nbsp;<a href=\"http:\/\/www.thomascase.com.br\/imprensa\/e-se-eu-for-demitido\/\">pesquisa apresentada na Voc\u00ea S\/A<\/a>&nbsp;aponta que a faixa de trabalhadores que mais sofre na crise \u00e9 a m\u00e9dia ger\u00eancia. Neste cen\u00e1rio, proponho esta reflex\u00e3o, tanto para l\u00edderes como para colaboradores.&nbsp;<br>Segundo&nbsp;<a href=\"http:\/\/archive.fortune.com\/magazines\/fortune\/best-companies\/2012\/benefits\/sabbaticals.html\">mat\u00e9ria da revista Forbes<\/a>, quase um quarto das cem melhores empresas para se trabalhar nos Estados Unidos oferecem a licen\u00e7a sab\u00e1tica como b\u00f4nus. No Brasil, esta pr\u00e1tica \u00e9 mais aplicada \u00e0s universidades, onde professores conseguem licen\u00e7a, tipicamente de seis meses a um ano, como per\u00edodo sab\u00e1tico. Mas, afinal de contas, o que \u00e9 isto?<br><br>Uma pr\u00e1tica originada nas universidades americanas, no s\u00e9culo XIX, a licen\u00e7a sab\u00e1tica tem como&nbsp;<a href=\"http:\/\/carreiras.empregos.com.br\/comunidades\/executivos\/gestao_de_carreiras\/ano_sabatico.shtm\">prop\u00f3sito a reciclagem profissional<\/a>. Diferente do per\u00edodo das f\u00e9rias, em que o profissional se \u201cdesliga\u201d do trabalho, ou pelo menos deveria, no sab\u00e1tico o profissional busca atuar sobre sua carreira de forma mais profunda, e para isto tem este \u201cdescolamento estrat\u00e9gico\u201d da organiza\u00e7\u00e3o.<br><br>V\u00e1rios s\u00e3o os casos em que grandes insights s\u00e3o originados de um per\u00edodo como este, levando o profissional a expandir seus horizontes na carreira, ou at\u00e9 mesmo a mudar de carreira. Al\u00e9m deste benef\u00edcio,&nbsp;<a href=\"http:\/\/fortune.com\/2011\/01\/03\/should-companies-offer-sabbaticals\/\">pesquisa publicada<\/a>&nbsp;no&nbsp;Journal of Applied Psychology, envolvendo profissionais de Israel, Nova Zel\u00e2ndia e Estados Unidos, aponta que pessoas que realizam per\u00edodo sab\u00e1tico n\u00e3o s\u00f3 experimentam redu\u00e7\u00e3o do n\u00edvel de stress durante a licen\u00e7a, mas isto se mant\u00e9m ap\u00f3s o t\u00e9rmino da licen\u00e7a, em compara\u00e7\u00e3o aos n\u00edveis anteriores de stress.<br><br><strong>E para o l\u00edder, quais os benef\u00edcios de pensar em um sab\u00e1tico para seu colaborador?<\/strong><br>Como exemplo, o grupo brit\u00e2nico John Lewis Partnership, setor de loja de departamentos, oferece&nbsp;<a href=\"http:\/\/www.personneltoday.com\/hr\/the-benefits-of-taking-a-sabbatical\/\">programa de sab\u00e1tico dos mais conhecidos do pa\u00eds<\/a>, permitindo que colaboradores de mais longa data, possam usufruir seis meses de licen\u00e7a remunerada.<br><br>A quest\u00e3o que coloco aqui \u00e9, antes de simplesmente demitir seu colaborador, e talvez ter de contratar algu\u00e9m para mesma fun\u00e7\u00e3o quando \u201cas coisas melhorarem\u201d, vale a pena pensar nesta possibilidade e definir, junto ao colaborador, alta chefia e setor de RH, um programa sab\u00e1tico com projeto definido, negociando remunera\u00e7\u00e3o e compromisso do colaborador.&nbsp;<br><br>Pessoalmente, me identifico com o tema devido \u00e0 experi\u00eancia que compartilho em v\u00e1rias ocasi\u00f5es. Como dito acima, meu sab\u00e1tico trouxe insights muito al\u00e9m do esperado.<br>Pense nisto e sucesso em sua carreira!<\/p>\n\n\n\n<hr class=\"wp-block-separator\"\/>\n\n\n\n<p><\/p>\n","protected":false},"excerpt":{"rendered":"<p>Na conjuntura atual, tanto nacional quanto internacional, com cen\u00e1rio de incertezas, volatilidade dos mercados e crescente taxa de desemprego, seguindo a orienta\u00e7\u00e3o de que o melhor investimento que se pode fazer \u00e9 em si mesmo, cabe a reflex\u00e3o: voc\u00ea j\u00e1 considerou um per\u00edodo sab\u00e1tico? Talvez voc\u00ea esteja passando por per\u00edodo de incerteza em sua carreira, [&hellip;]<\/p>\n","protected":false},"author":2,"featured_media":2480,"comment_status":"closed","ping_status":"open","sticky":false,"template":"","format":"standard","meta":{"_uag_custom_page_level_css":"","_monsterinsights_skip_tracking":false,"_monsterinsights_sitenote_active":false,"_monsterinsights_sitenote_note":"","_monsterinsights_sitenote_category":0,"footnotes":""},"categories":[55],"tags":[],"class_list":["post-2479","post","type-post","status-publish","format-standard","has-post-thumbnail","hentry","category-artigos"],"uagb_featured_image_src":{"full":["https:\/\/profjonny.com.br\/site\/wp-content\/uploads\/2019\/07\/sabatico.jpg",1920,1080,false],"thumbnail":["https:\/\/profjonny.com.br\/site\/wp-content\/uploads\/2019\/07\/sabatico-150x150.jpg",150,150,true],"medium":["https:\/\/profjonny.com.br\/site\/wp-content\/uploads\/2019\/07\/sabatico-300x169.jpg",300,169,true],"medium_large":["https:\/\/profjonny.com.br\/site\/wp-content\/uploads\/2019\/07\/sabatico-768x432.jpg",768,432,true],"large":["https:\/\/profjonny.com.br\/site\/wp-content\/uploads\/2019\/07\/sabatico-1024x576.jpg",1024,576,true],"1536x1536":["https:\/\/profjonny.com.br\/site\/wp-content\/uploads\/2019\/07\/sabatico.jpg",1536,864,false],"2048x2048":["https:\/\/profjonny.com.br\/site\/wp-content\/uploads\/2019\/07\/sabatico.jpg",1920,1080,false],"Personnel Thumbnail":["https:\/\/profjonny.com.br\/site\/wp-content\/uploads\/2019\/07\/sabatico-700x500.jpg",700,500,true],"Portfolio Thumbnail":["https:\/\/profjonny.com.br\/site\/wp-content\/uploads\/2019\/07\/sabatico-700x450.jpg",700,450,true],"Portfolio Thumbnail Portrait":["https:\/\/profjonny.com.br\/site\/wp-content\/uploads\/2019\/07\/sabatico-700x660.jpg",700,660,true],"Portfolio Thumbnail Portrait 2":["https:\/\/profjonny.com.br\/site\/wp-content\/uploads\/2019\/07\/sabatico-600x800.jpg",600,800,true],"Large Landscape ":["https:\/\/profjonny.com.br\/site\/wp-content\/uploads\/2019\/07\/sabatico-1280x580.jpg",1280,580,true],"Large Landscape 2":["https:\/\/profjonny.com.br\/site\/wp-content\/uploads\/2019\/07\/sabatico-1550x700.jpg",1550,700,true],"Portfolio Side Description Large":["https:\/\/profjonny.com.br\/site\/wp-content\/uploads\/2019\/07\/sabatico-900x500.jpg",900,500,true],"Portfolio Metro 1":["https:\/\/profjonny.com.br\/site\/wp-content\/uploads\/2019\/07\/sabatico-290x430.jpg",290,430,true],"Portfolio Metro 2":["https:\/\/profjonny.com.br\/site\/wp-content\/uploads\/2019\/07\/sabatico-290x215.jpg",290,215,true],"Portfolio Metro 3":["https:\/\/profjonny.com.br\/site\/wp-content\/uploads\/2019\/07\/sabatico-590x215.jpg",590,215,true],"Blog Full Thumbnail":["https:\/\/profjonny.com.br\/site\/wp-content\/uploads\/2019\/07\/sabatico-1100x490.jpg",1100,490,true],"Blog Column Thumbnail":["https:\/\/profjonny.com.br\/site\/wp-content\/uploads\/2019\/07\/sabatico-700x430.jpg",700,430,true],"Personnel Thumbnail 2":["https:\/\/profjonny.com.br\/site\/wp-content\/uploads\/2019\/07\/sabatico-550x500.jpg",550,500,true],"Large Landscape 3":["https:\/\/profjonny.com.br\/site\/wp-content\/uploads\/2019\/07\/sabatico-1500x1000.jpg",1500,1000,true]},"uagb_author_info":{"display_name":"Prof. Jonny","author_link":"https:\/\/profjonny.com.br\/site\/author\/ever\/"},"uagb_comment_info":0,"uagb_excerpt":"Na conjuntura atual, tanto nacional quanto internacional, com cen\u00e1rio de incertezas, volatilidade dos mercados e crescente taxa de desemprego, seguindo a orienta\u00e7\u00e3o de que o melhor investimento que se pode fazer \u00e9 em si mesmo, cabe a reflex\u00e3o: voc\u00ea j\u00e1 considerou um per\u00edodo sab\u00e1tico? Talvez voc\u00ea esteja passando por per\u00edodo de incerteza em sua carreira,&hellip;","_links":{"self":[{"href":"https:\/\/profjonny.com.br\/site\/wp-json\/wp\/v2\/posts\/2479","targetHints":{"allow":["GET"]}}],"collection":[{"href":"https:\/\/profjonny.com.br\/site\/wp-json\/wp\/v2\/posts"}],"about":[{"href":"https:\/\/profjonny.com.br\/site\/wp-json\/wp\/v2\/types\/post"}],"author":[{"embeddable":true,"href":"https:\/\/profjonny.com.br\/site\/wp-json\/wp\/v2\/users\/2"}],"replies":[{"embeddable":true,"href":"https:\/\/profjonny.com.br\/site\/wp-json\/wp\/v2\/comments?post=2479"}],"version-history":[{"count":5,"href":"https:\/\/profjonny.com.br\/site\/wp-json\/wp\/v2\/posts\/2479\/revisions"}],"predecessor-version":[{"id":3143,"href":"https:\/\/profjonny.com.br\/site\/wp-json\/wp\/v2\/posts\/2479\/revisions\/3143"}],"wp:featuredmedia":[{"embeddable":true,"href":"https:\/\/profjonny.com.br\/site\/wp-json\/wp\/v2\/media\/2480"}],"wp:attachment":[{"href":"https:\/\/profjonny.com.br\/site\/wp-json\/wp\/v2\/media?parent=2479"}],"wp:term":[{"taxonomy":"category","embeddable":true,"href":"https:\/\/profjonny.com.br\/site\/wp-json\/wp\/v2\/categories?post=2479"},{"taxonomy":"post_tag","embeddable":true,"href":"https:\/\/profjonny.com.br\/site\/wp-json\/wp\/v2\/tags?post=2479"}],"curies":[{"name":"wp","href":"https:\/\/api.w.org\/{rel}","templated":true}]}}