{"id":2472,"date":"2016-11-04T15:13:44","date_gmt":"2016-11-04T17:13:44","guid":{"rendered":"http:\/\/profjonny.com.br\/site\/?p=2472"},"modified":"2019-07-10T16:49:42","modified_gmt":"2019-07-10T19:49:42","slug":"como-esta-sua-carreira-aplique-o-diario-de-bordo-e-amplie-seus-horizontes","status":"publish","type":"post","link":"https:\/\/profjonny.com.br\/site\/2016\/11\/04\/como-esta-sua-carreira-aplique-o-diario-de-bordo-e-amplie-seus-horizontes\/","title":{"rendered":"Como est\u00e1 sua carreira? Aplique o \u201cdi\u00e1rio de bordo\u201d e amplie seus horizontes"},"content":{"rendered":"\n<p>Existem v\u00e1rias met\u00e1foras sobre a vida, para um poeta como Vin\u00edcius de Moraes \u201ca vida \u00e9 a arte do encontro\u201d, ou lembrando John Lennon \u201caquilo que acontece enquanto fazemos planos\u201d. Entre estas&nbsp;<a rel=\"noreferrer noopener\" href=\"http:\/\/metaforas.com.br\/\" target=\"_blank\">met\u00e1foras<\/a>, a que mais me atrai mostra a vida como uma jornada, um caminho. Aquela viagem que cada um de n\u00f3s tra\u00e7a, consciente ou inconscientemente, para si. \u00c9 bem poss\u00edvel que voc\u00ea j\u00e1 tenha lido sobre esta analogia. Diante disto, a pergunta \u00e9:&nbsp;<br><br><strong>Em sua carreira profissional, parte fundamental desta jornada, at\u00e9 que ponto voc\u00ea est\u00e1 no controle da rota?<br><\/strong><br>Se voc\u00ea conhece&nbsp;<a rel=\"noreferrer noopener\" href=\"http:\/\/www.youtube.com\/watch?feature=player_embedded&amp;v=UY75MQte4RU\" target=\"_blank\">coaching<\/a>, saber\u00e1 sobre esta poderosa t\u00e9cnica, o&nbsp;<a rel=\"noreferrer noopener\" href=\"http:\/\/www.athoscoach.com.br\/diario-de-bordo-anotacoes-e-planejamento-podem-salvar-o-dia\/\" target=\"_blank\">Di\u00e1rio de Bordo<\/a>. Contudo, pela minha experi\u00eancia, estudando este tema h\u00e1 algum tempo, e interagindo com o p\u00fablico em geral, percebo que v\u00e1rios ainda a desconhecem. O poder desta t\u00e9cnica talvez resida em sua simplicidade, pois ela consiste em algumas perguntas b\u00e1sicas, que s\u00e3o sugeridas na seguinte ordem.<br><br><strong>I &#8211; Por que valeu a pena viver o dia de hoje?&nbsp;<br><\/strong>Esta pergunta conduz a uma reflex\u00e3o positiva de sua realidade, e lhe coloca em um estado empoderado de energia, o estado de gratid\u00e3o, antes de uma an\u00e1lise \u201cmais fria\u201d do seu dia, o que vem na segunda etapa.<br><br><strong>II &#8211; Se pudesse voltar no tempo e mudar algo hoje, o que voc\u00ea mudaria?&nbsp;<br><\/strong>Esta reflex\u00e3o leva a uma atitude de aprendizado, uma \u201ccorre\u00e7\u00e3o de rumo\u201d por assim dizer. Mas note, voc\u00ea \u00e9 convidado a fazer isto em um estado de poder, advindo da gratid\u00e3o em ter colhido algo positivo hoje. Com base nestas duas reflex\u00f5es, convida-se a:<br><br><strong>III &#8211; Descrever algumas a\u00e7\u00f5es que vai realizar amanh\u00e3.<br><\/strong>Recomenda-se elencar 5 ou 6 a\u00e7\u00f5es, e com isto definir prioridades, que podem estar relacionadas aos mais variados aspectos, profissional, f\u00edsico, emocional, afetivo, etc, pois como sabemos, o ser humano \u00e9 uma entidade hol\u00edstica, onde as v\u00e1rias facetas se interligam. Ap\u00f3s este simples, mas poderoso planejamento, sugere-se o pr\u00f3ximo passo.&nbsp;<br><br><strong>IV &#8211; Gratid\u00e3o. Realize alguma medita\u00e7\u00e3o.<br><\/strong>Assim como na primeira etapa, aqui tamb\u00e9m o conselho \u00e9 ter um enfoque positivo de sua trajet\u00f3ria, cultivando a atitude de gratid\u00e3o. Voc\u00ea pode estar pensando que esta t\u00e9cnica \u00e9 \u201cpositiva\u201d demais, focando muito as coisas boas da vida, e que no seu caso, a situa\u00e7\u00e3o est\u00e1 t\u00e3o dif\u00edcil que nada \u00e9 poss\u00edvel tirar de bom. Aqui, cito&nbsp;<a rel=\"noreferrer noopener\" href=\"http:\/\/pt.wikipedia.org\/wiki\/Viktor_Frankl\" target=\"_blank\">Viktor Frankl<\/a>, que em seu livro&nbsp;<a rel=\"noreferrer noopener\" href=\"http:\/\/mkmouse.com.br\/livros\/EmBuscaDeSentido-ViktorFrankl.pdf\" target=\"_blank\">Em Busca do Sentido<\/a>, faz a seguinte reflex\u00e3o: \u201cmesmo uma v\u00edtima sem recursos, numa situa\u00e7\u00e3o sem esperan\u00e7a, enfrentando um destino que n\u00e3o pode mudar, pode erguer-se acima de si mesma, crescer para al\u00e9m de si mesma e, assim, mudar-se a si mesma.\u201d Ele sobreviveu aos horrores de um campo de concentra\u00e7\u00e3o, e foi capaz de desenvolver uma vis\u00e3o poderosa para ajudar milh\u00f5es de pessoas.<br><br>Construa sua carreira profissional trazendo significado a voc\u00ea e aos semelhantes.<br><strong>Pense nisto e tenha sucesso!<\/strong><\/p>\n\n\n\n<hr class=\"wp-block-separator\"\/>\n\n\n\n<p><\/p>\n","protected":false},"excerpt":{"rendered":"<p>Existem v\u00e1rias met\u00e1foras sobre a vida, para um poeta como Vin\u00edcius de Moraes \u201ca vida \u00e9 a arte do encontro\u201d, ou lembrando John Lennon \u201caquilo que acontece enquanto fazemos planos\u201d. Entre estas&nbsp;met\u00e1foras, a que mais me atrai mostra a vida como uma jornada, um caminho. Aquela viagem que cada um de n\u00f3s tra\u00e7a, consciente ou [&hellip;]<\/p>\n","protected":false},"author":2,"featured_media":2475,"comment_status":"closed","ping_status":"open","sticky":false,"template":"","format":"standard","meta":{"_uag_custom_page_level_css":"","_monsterinsights_skip_tracking":false,"_monsterinsights_sitenote_active":false,"_monsterinsights_sitenote_note":"","_monsterinsights_sitenote_category":0,"footnotes":""},"categories":[55],"tags":[],"class_list":["post-2472","post","type-post","status-publish","format-standard","has-post-thumbnail","hentry","category-artigos"],"uagb_featured_image_src":{"full":["https:\/\/profjonny.com.br\/site\/wp-content\/uploads\/2019\/07\/diario.jpg",1920,1079,false],"thumbnail":["https:\/\/profjonny.com.br\/site\/wp-content\/uploads\/2019\/07\/diario-150x150.jpg",150,150,true],"medium":["https:\/\/profjonny.com.br\/site\/wp-content\/uploads\/2019\/07\/diario-300x169.jpg",300,169,true],"medium_large":["https:\/\/profjonny.com.br\/site\/wp-content\/uploads\/2019\/07\/diario-768x432.jpg",768,432,true],"large":["https:\/\/profjonny.com.br\/site\/wp-content\/uploads\/2019\/07\/diario-1024x575.jpg",1024,575,true],"1536x1536":["https:\/\/profjonny.com.br\/site\/wp-content\/uploads\/2019\/07\/diario.jpg",1536,863,false],"2048x2048":["https:\/\/profjonny.com.br\/site\/wp-content\/uploads\/2019\/07\/diario.jpg",1920,1079,false],"Personnel Thumbnail":["https:\/\/profjonny.com.br\/site\/wp-content\/uploads\/2019\/07\/diario-700x500.jpg",700,500,true],"Portfolio Thumbnail":["https:\/\/profjonny.com.br\/site\/wp-content\/uploads\/2019\/07\/diario-700x450.jpg",700,450,true],"Portfolio Thumbnail Portrait":["https:\/\/profjonny.com.br\/site\/wp-content\/uploads\/2019\/07\/diario-700x660.jpg",700,660,true],"Portfolio Thumbnail Portrait 2":["https:\/\/profjonny.com.br\/site\/wp-content\/uploads\/2019\/07\/diario-600x800.jpg",600,800,true],"Large Landscape ":["https:\/\/profjonny.com.br\/site\/wp-content\/uploads\/2019\/07\/diario-1280x580.jpg",1280,580,true],"Large Landscape 2":["https:\/\/profjonny.com.br\/site\/wp-content\/uploads\/2019\/07\/diario-1550x700.jpg",1550,700,true],"Portfolio Side Description Large":["https:\/\/profjonny.com.br\/site\/wp-content\/uploads\/2019\/07\/diario-900x500.jpg",900,500,true],"Portfolio Metro 1":["https:\/\/profjonny.com.br\/site\/wp-content\/uploads\/2019\/07\/diario-290x430.jpg",290,430,true],"Portfolio Metro 2":["https:\/\/profjonny.com.br\/site\/wp-content\/uploads\/2019\/07\/diario-290x215.jpg",290,215,true],"Portfolio Metro 3":["https:\/\/profjonny.com.br\/site\/wp-content\/uploads\/2019\/07\/diario-590x215.jpg",590,215,true],"Blog Full Thumbnail":["https:\/\/profjonny.com.br\/site\/wp-content\/uploads\/2019\/07\/diario-1100x490.jpg",1100,490,true],"Blog Column Thumbnail":["https:\/\/profjonny.com.br\/site\/wp-content\/uploads\/2019\/07\/diario-700x430.jpg",700,430,true],"Personnel Thumbnail 2":["https:\/\/profjonny.com.br\/site\/wp-content\/uploads\/2019\/07\/diario-550x500.jpg",550,500,true],"Large Landscape 3":["https:\/\/profjonny.com.br\/site\/wp-content\/uploads\/2019\/07\/diario-1500x1000.jpg",1500,1000,true]},"uagb_author_info":{"display_name":"Prof. Jonny","author_link":"https:\/\/profjonny.com.br\/site\/author\/ever\/"},"uagb_comment_info":0,"uagb_excerpt":"Existem v\u00e1rias met\u00e1foras sobre a vida, para um poeta como Vin\u00edcius de Moraes \u201ca vida \u00e9 a arte do encontro\u201d, ou lembrando John Lennon \u201caquilo que acontece enquanto fazemos planos\u201d. Entre estas&nbsp;met\u00e1foras, a que mais me atrai mostra a vida como uma jornada, um caminho. Aquela viagem que cada um de n\u00f3s tra\u00e7a, consciente ou&hellip;","_links":{"self":[{"href":"https:\/\/profjonny.com.br\/site\/wp-json\/wp\/v2\/posts\/2472","targetHints":{"allow":["GET"]}}],"collection":[{"href":"https:\/\/profjonny.com.br\/site\/wp-json\/wp\/v2\/posts"}],"about":[{"href":"https:\/\/profjonny.com.br\/site\/wp-json\/wp\/v2\/types\/post"}],"author":[{"embeddable":true,"href":"https:\/\/profjonny.com.br\/site\/wp-json\/wp\/v2\/users\/2"}],"replies":[{"embeddable":true,"href":"https:\/\/profjonny.com.br\/site\/wp-json\/wp\/v2\/comments?post=2472"}],"version-history":[{"count":5,"href":"https:\/\/profjonny.com.br\/site\/wp-json\/wp\/v2\/posts\/2472\/revisions"}],"predecessor-version":[{"id":3145,"href":"https:\/\/profjonny.com.br\/site\/wp-json\/wp\/v2\/posts\/2472\/revisions\/3145"}],"wp:featuredmedia":[{"embeddable":true,"href":"https:\/\/profjonny.com.br\/site\/wp-json\/wp\/v2\/media\/2475"}],"wp:attachment":[{"href":"https:\/\/profjonny.com.br\/site\/wp-json\/wp\/v2\/media?parent=2472"}],"wp:term":[{"taxonomy":"category","embeddable":true,"href":"https:\/\/profjonny.com.br\/site\/wp-json\/wp\/v2\/categories?post=2472"},{"taxonomy":"post_tag","embeddable":true,"href":"https:\/\/profjonny.com.br\/site\/wp-json\/wp\/v2\/tags?post=2472"}],"curies":[{"name":"wp","href":"https:\/\/api.w.org\/{rel}","templated":true}]}}