{"id":2457,"date":"2018-06-02T13:30:25","date_gmt":"2018-06-02T16:30:25","guid":{"rendered":"http:\/\/profjonny.com.br\/site\/?p=2457"},"modified":"2019-07-10T16:51:11","modified_gmt":"2019-07-10T19:51:11","slug":"descubra-rotas-de-conhecimento-e-impulsione-sua-carreira","status":"publish","type":"post","link":"https:\/\/profjonny.com.br\/site\/2018\/06\/02\/descubra-rotas-de-conhecimento-e-impulsione-sua-carreira\/","title":{"rendered":"Descubra rotas de conhecimento e  impulsione sua carreira"},"content":{"rendered":"\n<p>Recente pesquisa da CATHO aponta que mais da&nbsp;<a rel=\"noreferrer noopener\" href=\"http:\/\/correiobraziliense.admite-se.com.br\/app\/noticias\/carreira\/2014\/01\/13\/interna_carreira,8470\/brasileiro-quer-acabar-com-a-estagnacao-e-buscar-emprego-que-gere-mais-satisfacao.shtml\" target=\"_blank\">metade dos entrevistados tinha como meta para 2014 mudan\u00e7a de emprego<\/a>, visando, entre outros pontos, equil\u00edbrio entre as esferas pessoal e profissional e busca por melhor qualifica\u00e7\u00e3o. \u00c9 interessante notar que alguns consideravam estes pontos at\u00e9 mais importantes do que remunera\u00e7\u00e3o direta.<\/p>\n\n\n\n<p>\u00c9 bem poss\u00edvel que pelo atual momento, voc\u00ea tenha se identificado com os resultados desta pesquisa. Pelas caracter\u00edsticas dos participantes, leitores de um portal especializado em quest\u00f5es de trabalho, possivelmente a pesquisa tenha atingido parcela da popula\u00e7\u00e3o cujas necessidades b\u00e1sicas j\u00e1 est\u00e3o satisfeitas, pessoas que buscam suprir outras motiva\u00e7\u00f5es, tais como&nbsp; senso de miss\u00e3o, vis\u00e3o de futuro, e sobretudo a busca por conhecimento. Este \u00faltimo tem se mostrado um dos grandes impulsionadores na transforma\u00e7\u00e3o da sociedade, e por consequ\u00eancia do mundo do trabalho.<br><br>Como algu\u00e9m que vivenciou diferentes fases da&nbsp;<a rel=\"noreferrer noopener\" href=\"http:\/\/mais.uol.com.br\/view\/gbe66bkt0nd9\/uma-jornada-rumo-a-nasa-04028D9B3370C4815326\" target=\"_blank\">vida profissional<\/a>, senti identifica\u00e7\u00e3o com a conclus\u00e3o da pesquisa, pois, como compartilho em algumas das palestras, a decis\u00e3o mais dif\u00edcil que tomei foi aos 22 anos quando troquei o emprego de engenheiro em uma multinacional do setor de alum\u00ednio por realizar&nbsp;<a rel=\"noreferrer noopener\" href=\"http:\/\/ppgmec.posgrad.ufsc.br\/\" target=\"_blank\">mestrado em Florian\u00f3polis<\/a>. O ponto principal que levou a esta decis\u00e3o foi vislumbrar, observando alguns colegas que estavam na empresa h\u00e1 15 ou 20 anos, se estes seriam modelos de carreira compat\u00edveis com minha vis\u00e3o de futuro.<br><br>Aqui cabe uma explica\u00e7\u00e3o, apesar de ter aprendido muito naquele per\u00edodo, vi que minha compet\u00eancia, engenharia mec\u00e2nica, tinha uma perspectiva de crescimento t\u00e9cnico bem limitada naquela empresa, uma f\u00e1brica metal\u00fargica, onde colegas formados em outras \u00e1reas tinham, sim, maior possibilidade de desenvolvimento. Voltando \u00e0s consequ\u00eancias daquela decis\u00e3o, considerando que a bolsa de mestrado era menor que o sal\u00e1rio da empresa, somando-se ao monstro da infla\u00e7\u00e3o do final dos anos 80, de certo a decis\u00e3o gerou perda financeira por algum tempo, que fiz quest\u00e3o de n\u00e3o mensurar, pois os ganhos em outras esferas foram tamb\u00e9m incalcul\u00e1veis. Realmente, aquela escolha teve o maior impacto na vida.<br><br><strong>Voc\u00ea pode estar se perguntando, ser\u00e1 que ele sabia o que queria com t\u00e3o pouco idade?<\/strong><br>\u00c9 evidente que certeza eu n\u00e3o tinha, mas sabia exatamente o que n\u00e3o desejava, e isto foi o suficiente para tomar a decis\u00e3o. Aqui, gostaria de ter compartilhar duas reflex\u00f5es.<br><br>A voc\u00ea que \u00e9 um colaborador, busque analisar quais s\u00e3o as perspectivas de crescimento, em termos de conhecimento em sua organiza\u00e7\u00e3o, analise as pessoas mais experientes no ambiente. \u00c9 importante escolher mais de uma pessoa para evitar tend\u00eancias positivas ou negativas. Assim como em outras \u00e1reas, quanto mais ampla for sua base de compara\u00e7\u00e3o, mais par\u00e2metros voc\u00ea ter\u00e1 na decis\u00e3o. Descubra quais \u201crotas de conhecimento\u201d est\u00e3o ao seu alcance, e desenvolva seu plano para segui-las. E se verificar que l\u00e1 n\u00e3o existem tais rotas para voc\u00ea, tenha a coragem para mudar!<br><br>J\u00e1 ao l\u00edder, sua fun\u00e7\u00e3o \u00e9 mais complexa, porque al\u00e9m de analisar a si pr\u00f3prio quanto \u00e0s rotas, deve ter o discernimento em rela\u00e7\u00e3o aos membros de sua equipe, a fim de perceber quais est\u00e3o trilhando estes caminhos na organiza\u00e7\u00e3o. Esta preocupa\u00e7\u00e3o torna-se ainda mais relevante ao ver a influ\u00eancia da&nbsp;<a rel=\"noreferrer noopener\" href=\"http:\/\/exame.abril.com.br\/topicos\/geracao-y\" target=\"_blank\">gera\u00e7\u00e3o Y<\/a>&nbsp;no mundo das empresas. Em s\u00edntese, apoie seus colaboradores, e mostre a eles carreiras de conhecimento.<br><br>Concluindo, quer voc\u00ea seja colaborador ou l\u00edder, existe algo em comum, para grande maioria das pessoas o elemento mais motivador \u00e9 a vis\u00e3o de crescimento, e cada vez mais isto passa pelas rotas de conhecimento! Lembre-se que em v\u00e1rios cen\u00e1rios, a decis\u00e3o implica coragem, e isto deve ser exercitado ao longo da vida, e n\u00e3o apenas declarado como um desejo de&nbsp;r\u00e9veillon. A prop\u00f3sito, este ano definitivamente j\u00e1 iniciou, mesmo para aqueles que \u201cesperavam pelo carnaval\u201d, e como voc\u00ea sabe, este vai passar bem mais r\u00e1pido&#8230;<br><strong>Pense nisto, e sucesso em sua carreira!<\/strong><\/p>\n","protected":false},"excerpt":{"rendered":"<p>Recente pesquisa da CATHO aponta que mais da&nbsp;metade dos entrevistados tinha como meta para 2014 mudan\u00e7a de emprego, visando, entre outros pontos, equil\u00edbrio entre as esferas pessoal e profissional e busca por melhor qualifica\u00e7\u00e3o. \u00c9 interessante notar que alguns consideravam estes pontos at\u00e9 mais importantes do que remunera\u00e7\u00e3o direta. \u00c9 bem poss\u00edvel que pelo atual [&hellip;]<\/p>\n","protected":false},"author":2,"featured_media":2458,"comment_status":"closed","ping_status":"open","sticky":false,"template":"","format":"standard","meta":{"_uag_custom_page_level_css":"","_monsterinsights_skip_tracking":false,"_monsterinsights_sitenote_active":false,"_monsterinsights_sitenote_note":"","_monsterinsights_sitenote_category":0,"footnotes":""},"categories":[55],"tags":[],"class_list":["post-2457","post","type-post","status-publish","format-standard","has-post-thumbnail","hentry","category-artigos"],"uagb_featured_image_src":{"full":["https:\/\/profjonny.com.br\/site\/wp-content\/uploads\/2019\/07\/rotas.jpg",1920,1080,false],"thumbnail":["https:\/\/profjonny.com.br\/site\/wp-content\/uploads\/2019\/07\/rotas-150x150.jpg",150,150,true],"medium":["https:\/\/profjonny.com.br\/site\/wp-content\/uploads\/2019\/07\/rotas-300x169.jpg",300,169,true],"medium_large":["https:\/\/profjonny.com.br\/site\/wp-content\/uploads\/2019\/07\/rotas-768x432.jpg",768,432,true],"large":["https:\/\/profjonny.com.br\/site\/wp-content\/uploads\/2019\/07\/rotas-1024x576.jpg",1024,576,true],"1536x1536":["https:\/\/profjonny.com.br\/site\/wp-content\/uploads\/2019\/07\/rotas.jpg",1536,864,false],"2048x2048":["https:\/\/profjonny.com.br\/site\/wp-content\/uploads\/2019\/07\/rotas.jpg",1920,1080,false],"Personnel Thumbnail":["https:\/\/profjonny.com.br\/site\/wp-content\/uploads\/2019\/07\/rotas-700x500.jpg",700,500,true],"Portfolio Thumbnail":["https:\/\/profjonny.com.br\/site\/wp-content\/uploads\/2019\/07\/rotas-700x450.jpg",700,450,true],"Portfolio Thumbnail Portrait":["https:\/\/profjonny.com.br\/site\/wp-content\/uploads\/2019\/07\/rotas-700x660.jpg",700,660,true],"Portfolio Thumbnail Portrait 2":["https:\/\/profjonny.com.br\/site\/wp-content\/uploads\/2019\/07\/rotas-600x800.jpg",600,800,true],"Large Landscape ":["https:\/\/profjonny.com.br\/site\/wp-content\/uploads\/2019\/07\/rotas-1280x580.jpg",1280,580,true],"Large Landscape 2":["https:\/\/profjonny.com.br\/site\/wp-content\/uploads\/2019\/07\/rotas-1550x700.jpg",1550,700,true],"Portfolio Side Description Large":["https:\/\/profjonny.com.br\/site\/wp-content\/uploads\/2019\/07\/rotas-900x500.jpg",900,500,true],"Portfolio Metro 1":["https:\/\/profjonny.com.br\/site\/wp-content\/uploads\/2019\/07\/rotas-290x430.jpg",290,430,true],"Portfolio Metro 2":["https:\/\/profjonny.com.br\/site\/wp-content\/uploads\/2019\/07\/rotas-290x215.jpg",290,215,true],"Portfolio Metro 3":["https:\/\/profjonny.com.br\/site\/wp-content\/uploads\/2019\/07\/rotas-590x215.jpg",590,215,true],"Blog Full Thumbnail":["https:\/\/profjonny.com.br\/site\/wp-content\/uploads\/2019\/07\/rotas-1100x490.jpg",1100,490,true],"Blog Column Thumbnail":["https:\/\/profjonny.com.br\/site\/wp-content\/uploads\/2019\/07\/rotas-700x430.jpg",700,430,true],"Personnel Thumbnail 2":["https:\/\/profjonny.com.br\/site\/wp-content\/uploads\/2019\/07\/rotas-550x500.jpg",550,500,true],"Large Landscape 3":["https:\/\/profjonny.com.br\/site\/wp-content\/uploads\/2019\/07\/rotas-1500x1000.jpg",1500,1000,true]},"uagb_author_info":{"display_name":"Prof. Jonny","author_link":"https:\/\/profjonny.com.br\/site\/author\/ever\/"},"uagb_comment_info":0,"uagb_excerpt":"Recente pesquisa da CATHO aponta que mais da&nbsp;metade dos entrevistados tinha como meta para 2014 mudan\u00e7a de emprego, visando, entre outros pontos, equil\u00edbrio entre as esferas pessoal e profissional e busca por melhor qualifica\u00e7\u00e3o. \u00c9 interessante notar que alguns consideravam estes pontos at\u00e9 mais importantes do que remunera\u00e7\u00e3o direta. \u00c9 bem poss\u00edvel que pelo atual&hellip;","_links":{"self":[{"href":"https:\/\/profjonny.com.br\/site\/wp-json\/wp\/v2\/posts\/2457","targetHints":{"allow":["GET"]}}],"collection":[{"href":"https:\/\/profjonny.com.br\/site\/wp-json\/wp\/v2\/posts"}],"about":[{"href":"https:\/\/profjonny.com.br\/site\/wp-json\/wp\/v2\/types\/post"}],"author":[{"embeddable":true,"href":"https:\/\/profjonny.com.br\/site\/wp-json\/wp\/v2\/users\/2"}],"replies":[{"embeddable":true,"href":"https:\/\/profjonny.com.br\/site\/wp-json\/wp\/v2\/comments?post=2457"}],"version-history":[{"count":5,"href":"https:\/\/profjonny.com.br\/site\/wp-json\/wp\/v2\/posts\/2457\/revisions"}],"predecessor-version":[{"id":3149,"href":"https:\/\/profjonny.com.br\/site\/wp-json\/wp\/v2\/posts\/2457\/revisions\/3149"}],"wp:featuredmedia":[{"embeddable":true,"href":"https:\/\/profjonny.com.br\/site\/wp-json\/wp\/v2\/media\/2458"}],"wp:attachment":[{"href":"https:\/\/profjonny.com.br\/site\/wp-json\/wp\/v2\/media?parent=2457"}],"wp:term":[{"taxonomy":"category","embeddable":true,"href":"https:\/\/profjonny.com.br\/site\/wp-json\/wp\/v2\/categories?post=2457"},{"taxonomy":"post_tag","embeddable":true,"href":"https:\/\/profjonny.com.br\/site\/wp-json\/wp\/v2\/tags?post=2457"}],"curies":[{"name":"wp","href":"https:\/\/api.w.org\/{rel}","templated":true}]}}