{"id":2426,"date":"2019-02-19T13:03:55","date_gmt":"2019-02-19T16:03:55","guid":{"rendered":"http:\/\/profjonny.com.br\/site\/?p=2426"},"modified":"2021-05-04T11:28:26","modified_gmt":"2021-05-04T14:28:26","slug":"decole-sua-carreira-com-o-vento","status":"publish","type":"post","link":"https:\/\/profjonny.com.br\/site\/2019\/02\/19\/decole-sua-carreira-com-o-vento\/","title":{"rendered":"Decole sua carreira com o vento"},"content":{"rendered":"\n<p>Anos atr\u00e1s, fui convidado a dar uma\u00a0<a rel=\"noreferrer noopener\" href=\"https:\/\/www.youtube.com\/watch?v=UdzY9_Sgyqw\" target=\"_blank\">entrevista<\/a>\u00a0para\u00a0<a rel=\"noreferrer noopener\" href=\"http:\/\/canal20floripa.com.br\/programas\/clau-spa.html\" target=\"_blank\">programa de TV em Florian\u00f3polis<\/a>. O convite partiu da apresentadora que havia assistido uma palestra, meses atr\u00e1s em Joinville, em que apresentei um pouco da minha trajet\u00f3ria profissional que culminou em trabalhar na NASA. Para in\u00edcio de ano, o programa est\u00e1 criando uma s\u00e9rie com o tema \u201cEscolha de carreira e motiva\u00e7\u00e3o\u201d, e a apresentadora considerou que minha jornada seria interessante para abrir a s\u00e9rie. Refletindo sobre como abordar o tema de forma n\u00e3o convencional, me veio a ideia do WindSurf, por j\u00e1 ter feito um curso anos atr\u00e1s, sendo agora uma temporada de ver\u00e3o em Floripa, cercada de praias, etc. Antes da entrevista, conversei com a apresentadora e ela achou t\u00e3o interessante a analogia que fez quest\u00e3o que fal\u00e1ssemos disto durante a grava\u00e7\u00e3o. Em fun\u00e7\u00e3o desta receptividade, comentei com ela que pensei em escrever um artigo, o que aqui compartilho com voc\u00ea. Espero que mesmo sem nunca ter subido numa prancha de windsurf, voc\u00ea entenda e aplique estas dicas!<\/p>\n\n\n\n<p><strong>Equil\u00edbrio \u00e9 fundamental<\/strong><br>Embora a imagem do windsurf esteja totalmente ligada ao movimento, o primeiro passo para se conseguir praticar o esporte \u00e9 justamente ficar parado sobre a prancha, pois sem isto voc\u00ea nunca ir\u00e1 se mover. De forma semelhante, para planejar sua carreira, voc\u00ea deve \u201cparar para pensar\u201d, pois \u00e9 quase imposs\u00edvel planejar sem algum n\u00edvel de reflex\u00e3o. Muitos se comportam como o bord\u00e3o \u201cdeixa a vida me levar&#8230;\u201d. Sem d\u00favida as for\u00e7as da vida podem lhe levar a v\u00e1rios lugares, mas nem sempre ao lugar que voc\u00ea deseja. Portanto, defina um tempo para refletir sobre sua vida, alguns precisam de poucas horas, outros de um dia, dependendo da complexidade do plano, at\u00e9 de uma semana ou mesmo um m\u00eas. A dura\u00e7\u00e3o do tempo, em si, n\u00e3o importa tanto, pois apenas voc\u00ea saber\u00e1 a medida. Mas o importante \u00e9 parar para refletir.<\/p>\n\n\n\n<p><strong>Lendo o vento<\/strong><br>Depois de conseguir o equil\u00edbrio na prancha, em geral ap\u00f3s levar alguns (ou muitos) caldos na \u00e1gua, \u00e9 importante saber \u201cler o vento\u201d. Isto inclui entender a dire\u00e7\u00e3o do vento, sua intensidade, etc. Em fun\u00e7\u00e3o desta leitura, o praticante posiciona a vela de tal forma que, no primeiro momento, o vento n\u00e3o incida sobre ela ao ser levantada. A ideia b\u00e1sica \u00e9 que mesmo depois de tirar a vela da \u00e1gua e coloca-la verticalmente na prancha, o vento passe paralelo \u00e0 vela, e voc\u00ea ainda est\u00e1 em equil\u00edbrio mas parado. Na vida, voc\u00ea precisa \u201cler o mundo\u201d, quais s\u00e3o as for\u00e7as externas e internas que lhe impulsionam para frente ou levam para tr\u00e1s.<\/p>\n\n\n\n<p>Vale destacar que ler o vento tamb\u00e9m implica entender que, em alguns dias, simplesmente n\u00e3o se tem condi\u00e7\u00f5es de velejar, por completa aus\u00eancia de vento (algo raro em Floripa) ou por condi\u00e7\u00f5es muito agressivas. Nesta situa\u00e7\u00e3o, o windsurfista pode aproveitar para ler sobre a pr\u00e1tica ou fazer qualquer coisa, mas tem que cultivar a paci\u00eancia e entender estas limita\u00e7\u00f5es. De forma an\u00e1loga, voc\u00ea deve entender o mundo e saber que, em algumas condi\u00e7\u00f5es, o melhor \u00e9 ter paci\u00eancia para aguardar o momento para agir, aproveitando ao m\u00e1ximo para se capacitar, pois lembre-se ser paciente n\u00e3o \u00e9 ser passivo!<\/p>\n\n\n\n<p>Outro ponto relevante \u00e9 que assim como o windsurfista n\u00e3o tem controle sobre vento, for\u00e7as das onda e demais fatores da natureza, mas com habilidade sabe conduzir sua prancha, n\u00f3s n\u00e3o temos controle sobre muitos elementos externos na nossa vida, mas podemos desenvolver habilidades que nos orientem a como melhor reagir aos est\u00edmulos que recebemos.<br>Defina o destino<\/p>\n\n\n\n<p>T\u00e3o logo o praticante sabe manter a prancha parada com a \u201cvela solta\u201d, ou seja sem o vento incidir sobre ela, \u00e9 necess\u00e1rio posicionar a prancha de tal forma que ela mire no seu destino. Este \u00e9 um exerc\u00edcio que requer ainda mais equil\u00edbrio pois fazendo for\u00e7a com os p\u00e9s, tendo o ponto da vela entre eles, o praticante tem condi\u00e7\u00f5es de girar a prancha colocando-a em dire\u00e7\u00e3o ao objetivo. De forma semelhante, uma vez que voc\u00ea consiga ler as for\u00e7as que incidem sobre sua vida, defina o &nbsp;objetivo, usando estas for\u00e7as como alavanca para posicionar a \u201cprancha da sua carreira\u201d na dire\u00e7\u00e3o desejada.<\/p>\n\n\n\n<p><strong>Comece a se mover!<\/strong><br>Com todo exerc\u00edcio anterior, o que pode levar alguns minutos ou mesmo at\u00e9 as primeiras aulas, o praticante de windsurf ainda \u201cn\u00e3o saiu do lugar\u201d, mas j\u00e1 conseguiu realizar coisas fundamentais, sem as quais jamais velejar\u00e1. Uma vez dominadas estas habilidades, a\u00ed sim, o windsurfista come\u00e7a a \u201cdar a vela\u201d ou seja girar a vela de tal forma que o vento incida sobre esta e ele consiga se mover em dire\u00e7\u00e3o ao objetivo. Em sua carreira, uma vez tendo lido as \u201cfor\u00e7as do mundo\u201d e definido seu objetivo, \u00e9 necess\u00e1rio executar a\u00e7\u00f5es de tal forma que estas for\u00e7as lhe impulsionem. \u00c9 normal que neste momento da pr\u00e1tica de windsurf ocorram \u201coutros caldos\u201d at\u00e9 bem mais intensos, assim na carreira \u00e9 poss\u00edvel que as rea\u00e7\u00f5es do mundo sejam adversas e n\u00e3o lhe conduzam ao objetivo. No windsurf, o praticante tem que vencer o medo, se cair da prancha (algo inevit\u00e1vel) tem que se equilibrar novamente e come\u00e7ar tudo de novo. <\/p>\n\n\n\n<p>O normal \u00e9 que a sensa\u00e7\u00e3o de liberdade, experimentada com o movimento e o controle da prancha e da vela, seja bem mais intensa do que o medo, assim o praticante aumenta sua vontade de velejar. Na carreira, voc\u00ea deve celebrar cada conquista, por menor que seja, e aprender com cada tombo, mas busque tirar de todos resultados algo positivo, quer seja um movimento claro em dire\u00e7\u00e3o \u00e0 sua meta, ou uma nova li\u00e7\u00e3o para adquirir ainda mais equil\u00edbrio para comandar a \u201cvela da vida\u201d.<\/p>\n\n\n\n<p>\u00c9 nesta fase do treino de windsurf, que o praticante entende que com o \u00e2ngulo da vela, ele consegue mais ou menos velocidade e sente ainda mais vontade de explorar o sistema. Ele entende o efeito que ocorre com a posi\u00e7\u00e3o dos p\u00e9s, mais para frente ou para tr\u00e1s na prancha, ou ainda para mudar a dire\u00e7\u00e3o, a import\u00e2ncia da inclina\u00e7\u00e3o da vela, da posi\u00e7\u00e3o das m\u00e3os, entre outros detalhes. Tudo isto requer adapta\u00e7\u00e3o de seu corpo em fun\u00e7\u00e3o das rea\u00e7\u00f5es do vento na vela. Em qualquer plano de carreira, \u00e9 praticamente imposs\u00edvel que n\u00e3o haja alguma corre\u00e7\u00e3o de rumo, sendo assim voc\u00ea ter\u00e1 que se reposicionar, de forma mais ou menos intensa, em fun\u00e7\u00e3o dos resultados que suas a\u00e7\u00f5es est\u00e3o gerando.<\/p>\n\n\n\n<p><strong>A fase da maestria<\/strong><br>Com persist\u00eancia, boa orienta\u00e7\u00e3o, pr\u00e1tica e mais uma s\u00e9rie de fatores, o windsurfista torna sua rela\u00e7\u00e3o com todo sistema cada vez mais f\u00e1cil, ao ponto que todos movimentos passam a ser feitos de forma quase inconsciente. Na condu\u00e7\u00e3o da carreira, uma vez que se consiga analisar com equil\u00edbrio, ler o mundo, agir usando as for\u00e7as em dire\u00e7\u00e3o ao seu objetivo e adaptar-se em fun\u00e7\u00e3o dos resultados obtidos, o processo se torna cada vez mais natural. Nesta condi\u00e7\u00e3o, lembrando o poeta brit\u00e2nico&nbsp;<a rel=\"noreferrer noopener\" href=\"http:\/\/pt.wikipedia.org\/wiki\/William_Ernest_Henley\" target=\"_blank\">William Henley<\/a>, voc\u00ea se torna \u201c<a rel=\"noreferrer noopener\" href=\"http:\/\/pt.wikipedia.org\/wiki\/Invictus_(poema)\" target=\"_blank\">o mestre de seu destino, o capit\u00e3o de sua alma<\/a>\u201d.<\/p>\n\n\n\n<p>Contudo, nunca \u00e9 demais salientar, por mais que o pretendente a praticante de windsurf observe v\u00e1rios praticando, assista v\u00eddeos, ou\u00e7a instru\u00e7\u00f5es, leia livros, etc, nunca desenvolver\u00e1 as habilidades necess\u00e1rias sem vencer o medo e subir na prancha. As livrarias est\u00e3o repletas de boas refer\u00eancias, sem falar na internet, sobre virtualmente como fazer qualquer coisa, mas quantas pessoas se sentem hoje em uma condi\u00e7\u00e3o pelo menos pr\u00f3xima \u00e0 definida pelo poeta?<\/p>\n\n\n\n<p><strong>Decolando com o vento!<br><\/strong>Anos atras, na defini\u00e7\u00e3o de um projeto de p\u00f3s-doutorado, me vi diante de quest\u00f5es muito profundas para refletir. Como esta iniciativa era essencialmente pessoal, pois n\u00e3o era uma imposi\u00e7\u00e3o de minha universidade ou qualquer pessoa, me senti na condi\u00e7\u00e3o de aplicar alguns destes conceitos. Por motivos diversos, pude usar as for\u00e7as do mundo e acabei morando no Vale do Sil\u00edcio, sendo pesquisador da NASA por um ano. Isto n\u00e3o apenas alavancou minha carreira como pesquisador, mas me levou tamb\u00e9m a explorar \u201coutras praias\u201d!<\/p>\n\n\n\n<p>Espero que voc\u00ea use estas dicas, suba na prancha, segure firme a vela de sua vida, e consiga se mover ao seu objetivo maior. Lembre-se, \u201co vento que voc\u00ea ir\u00e1 encontrar\u201d pode fazer com que sua carreira decole.&nbsp;<\/p>\n\n\n\n<p>Boa jornada!<\/p>\n","protected":false},"excerpt":{"rendered":"<p>Anos atr\u00e1s, fui convidado a dar uma\u00a0entrevista\u00a0para\u00a0programa de TV em Florian\u00f3polis. O convite partiu da apresentadora que havia assistido uma palestra, meses atr\u00e1s em Joinville, em que apresentei um pouco da minha trajet\u00f3ria profissional que culminou em trabalhar na NASA. Para in\u00edcio de ano, o programa est\u00e1 criando uma s\u00e9rie com o tema \u201cEscolha de [&hellip;]<\/p>\n","protected":false},"author":2,"featured_media":2454,"comment_status":"closed","ping_status":"open","sticky":false,"template":"","format":"standard","meta":{"_uag_custom_page_level_css":"","_monsterinsights_skip_tracking":false,"_monsterinsights_sitenote_active":false,"_monsterinsights_sitenote_note":"","_monsterinsights_sitenote_category":0,"footnotes":""},"categories":[55],"tags":[],"class_list":["post-2426","post","type-post","status-publish","format-standard","has-post-thumbnail","hentry","category-artigos"],"uagb_featured_image_src":{"full":["https:\/\/profjonny.com.br\/site\/wp-content\/uploads\/2019\/07\/001.jpg",1920,1080,false],"thumbnail":["https:\/\/profjonny.com.br\/site\/wp-content\/uploads\/2019\/07\/001-150x150.jpg",150,150,true],"medium":["https:\/\/profjonny.com.br\/site\/wp-content\/uploads\/2019\/07\/001-300x169.jpg",300,169,true],"medium_large":["https:\/\/profjonny.com.br\/site\/wp-content\/uploads\/2019\/07\/001-768x432.jpg",768,432,true],"large":["https:\/\/profjonny.com.br\/site\/wp-content\/uploads\/2019\/07\/001-1024x576.jpg",1024,576,true],"1536x1536":["https:\/\/profjonny.com.br\/site\/wp-content\/uploads\/2019\/07\/001.jpg",1536,864,false],"2048x2048":["https:\/\/profjonny.com.br\/site\/wp-content\/uploads\/2019\/07\/001.jpg",1920,1080,false],"Personnel Thumbnail":["https:\/\/profjonny.com.br\/site\/wp-content\/uploads\/2019\/07\/001-700x500.jpg",700,500,true],"Portfolio Thumbnail":["https:\/\/profjonny.com.br\/site\/wp-content\/uploads\/2019\/07\/001-700x450.jpg",700,450,true],"Portfolio Thumbnail Portrait":["https:\/\/profjonny.com.br\/site\/wp-content\/uploads\/2019\/07\/001-700x660.jpg",700,660,true],"Portfolio Thumbnail Portrait 2":["https:\/\/profjonny.com.br\/site\/wp-content\/uploads\/2019\/07\/001-600x800.jpg",600,800,true],"Large Landscape ":["https:\/\/profjonny.com.br\/site\/wp-content\/uploads\/2019\/07\/001-1280x580.jpg",1280,580,true],"Large Landscape 2":["https:\/\/profjonny.com.br\/site\/wp-content\/uploads\/2019\/07\/001-1550x700.jpg",1550,700,true],"Portfolio Side Description Large":["https:\/\/profjonny.com.br\/site\/wp-content\/uploads\/2019\/07\/001-900x500.jpg",900,500,true],"Portfolio Metro 1":["https:\/\/profjonny.com.br\/site\/wp-content\/uploads\/2019\/07\/001-290x430.jpg",290,430,true],"Portfolio Metro 2":["https:\/\/profjonny.com.br\/site\/wp-content\/uploads\/2019\/07\/001-290x215.jpg",290,215,true],"Portfolio Metro 3":["https:\/\/profjonny.com.br\/site\/wp-content\/uploads\/2019\/07\/001-590x215.jpg",590,215,true],"Blog Full Thumbnail":["https:\/\/profjonny.com.br\/site\/wp-content\/uploads\/2019\/07\/001-1100x490.jpg",1100,490,true],"Blog Column Thumbnail":["https:\/\/profjonny.com.br\/site\/wp-content\/uploads\/2019\/07\/001-700x430.jpg",700,430,true],"Personnel Thumbnail 2":["https:\/\/profjonny.com.br\/site\/wp-content\/uploads\/2019\/07\/001-550x500.jpg",550,500,true],"Large Landscape 3":["https:\/\/profjonny.com.br\/site\/wp-content\/uploads\/2019\/07\/001-1500x1000.jpg",1500,1000,true]},"uagb_author_info":{"display_name":"Prof. Jonny","author_link":"https:\/\/profjonny.com.br\/site\/author\/ever\/"},"uagb_comment_info":0,"uagb_excerpt":"Anos atr\u00e1s, fui convidado a dar uma\u00a0entrevista\u00a0para\u00a0programa de TV em Florian\u00f3polis. O convite partiu da apresentadora que havia assistido uma palestra, meses atr\u00e1s em Joinville, em que apresentei um pouco da minha trajet\u00f3ria profissional que culminou em trabalhar na NASA. Para in\u00edcio de ano, o programa est\u00e1 criando uma s\u00e9rie com o tema \u201cEscolha de&hellip;","_links":{"self":[{"href":"https:\/\/profjonny.com.br\/site\/wp-json\/wp\/v2\/posts\/2426","targetHints":{"allow":["GET"]}}],"collection":[{"href":"https:\/\/profjonny.com.br\/site\/wp-json\/wp\/v2\/posts"}],"about":[{"href":"https:\/\/profjonny.com.br\/site\/wp-json\/wp\/v2\/types\/post"}],"author":[{"embeddable":true,"href":"https:\/\/profjonny.com.br\/site\/wp-json\/wp\/v2\/users\/2"}],"replies":[{"embeddable":true,"href":"https:\/\/profjonny.com.br\/site\/wp-json\/wp\/v2\/comments?post=2426"}],"version-history":[{"count":5,"href":"https:\/\/profjonny.com.br\/site\/wp-json\/wp\/v2\/posts\/2426\/revisions"}],"predecessor-version":[{"id":3854,"href":"https:\/\/profjonny.com.br\/site\/wp-json\/wp\/v2\/posts\/2426\/revisions\/3854"}],"wp:featuredmedia":[{"embeddable":true,"href":"https:\/\/profjonny.com.br\/site\/wp-json\/wp\/v2\/media\/2454"}],"wp:attachment":[{"href":"https:\/\/profjonny.com.br\/site\/wp-json\/wp\/v2\/media?parent=2426"}],"wp:term":[{"taxonomy":"category","embeddable":true,"href":"https:\/\/profjonny.com.br\/site\/wp-json\/wp\/v2\/categories?post=2426"},{"taxonomy":"post_tag","embeddable":true,"href":"https:\/\/profjonny.com.br\/site\/wp-json\/wp\/v2\/tags?post=2426"}],"curies":[{"name":"wp","href":"https:\/\/api.w.org\/{rel}","templated":true}]}}